{"id":12317,"date":"2023-12-28T15:14:18","date_gmt":"2023-12-28T14:14:18","guid":{"rendered":"https:\/\/app.vfmg.ch\/?p=12317"},"modified":"2026-03-13T12:14:12","modified_gmt":"2026-03-13T11:14:12","slug":"aus-und-weiterbildung","status":"publish","type":"post","link":"https:\/\/www.vfmg.ch\/fr\/aus-und-weiterbildung\/","title":{"rendered":"\u00c9ducation et formation"},"content":{"rendered":"<div data-elementor-type=\"wp-post\" data-elementor-id=\"12317\" class=\"elementor elementor-12317\" data-elementor-post-type=\"post\">\n\t\t\t\t<div class=\"elementor-element elementor-element-68ce0f4 e-flex e-con-boxed e-con e-parent\" data-id=\"68ce0f4\" data-element_type=\"container\">\n\t\t\t\t\t<div class=\"e-con-inner\">\n\t\t\t\t<div class=\"elementor-element elementor-element-3bffc00 elementor-widget elementor-widget-text-editor\" data-id=\"3bffc00\" data-element_type=\"widget\" data-widget_type=\"text-editor.default\">\n\t\t\t\t<div class=\"elementor-widget-container\">\n\t\t\t\t\t\t\t\t\t<p>Le Concept met l'accent sur trois cibles:<\/p><p>\u00a0<\/p>\t\t\t\t\t\t\t\t<\/div>\n\t\t\t\t<\/div>\n\t\t\t\t\t<\/div>\n\t\t\t\t<\/div>\n\t\t<div class=\"elementor-element elementor-element-2e8aed9 e-flex e-con-boxed e-con e-parent\" data-id=\"2e8aed9\" data-element_type=\"container\">\n\t\t\t\t\t<div class=\"e-con-inner\">\n\t\t<div class=\"elementor-element elementor-element-644b64c e-con-full e-flex e-con e-child\" data-id=\"644b64c\" data-element_type=\"container\">\n\t\t\t\t<div class=\"elementor-element elementor-element-3de33b7 elementor-widget__width-initial elementor-view-default elementor-widget elementor-widget-icon\" data-id=\"3de33b7\" data-element_type=\"widget\" data-widget_type=\"icon.default\">\n\t\t\t\t<div class=\"elementor-widget-container\">\n\t\t\t\t\t\t\t<div class=\"elementor-icon-wrapper\">\n\t\t\t<div class=\"elementor-icon\">\n\t\t\t<svg aria-hidden=\"true\" class=\"e-font-icon-svg e-fas-anchor\" viewbox=\"0 0 576 512\" xmlns=\"http:\/\/www.w3.org\/2000\/svg\"><path d=\"M12.971 352h32.394C67.172 454.735 181.944 512 288 512c106.229 0 220.853-57.38 242.635-160h32.394c10.691 0 16.045-12.926 8.485-20.485l-67.029-67.029c-4.686-4.686-12.284-4.686-16.971 0l-67.029 67.029c-7.56 7.56-2.206 20.485 8.485 20.485h35.146c-20.29 54.317-84.963 86.588-144.117 94.015V256h52c6.627 0 12-5.373 12-12v-40c0-6.627-5.373-12-12-12h-52v-5.47c37.281-13.178 63.995-48.725 64-90.518C384.005 43.772 341.605.738 289.37.01 235.723-.739 192 42.525 192 96c0 41.798 26.716 77.35 64 90.53V192h-52c-6.627 0-12 5.373-12 12v40c0 6.627 5.373 12 12 12h52v190.015c-58.936-7.399-123.82-39.679-144.117-94.015h35.146c10.691 0 16.045-12.926 8.485-20.485l-67.029-67.029c-4.686-4.686-12.284-4.686-16.971 0L4.485 331.515C-3.074 339.074 2.28 352 12.971 352zM288 64c17.645 0 32 14.355 32 32s-14.355 32-32 32-32-14.355-32-32 14.355-32 32-32z\"><\/path><\/svg>\t\t\t<\/div>\n\t\t<\/div>\n\t\t\t\t\t\t<\/div>\n\t\t\t\t<\/div>\n\t\t\t\t<div class=\"elementor-element elementor-element-34c6576 elementor-widget elementor-widget-text-editor\" data-id=\"34c6576\" data-element_type=\"widget\" data-widget_type=\"text-editor.default\">\n\t\t\t\t<div class=\"elementor-widget-container\">\n\t\t\t\t\t\t\t\t\t<h3><span style=\"color: #f1583c;\">BASE<\/span><\/h3><p>Les personnes qui, de leur vocation et son talent \u00e0 d\u00e9couvrir et \u00e0 apporter ou pour vos t\u00e2ches, d'encourager et de former souhaitez.<\/p><p>\u00a0<\/p>\t\t\t\t\t\t\t\t<\/div>\n\t\t\t\t<\/div>\n\t\t\t\t<\/div>\n\t\t<div class=\"elementor-element elementor-element-2fe58e5 e-con-full e-flex e-con e-child\" data-id=\"2fe58e5\" data-element_type=\"container\">\n\t\t<div class=\"elementor-element elementor-element-2b52389 e-flex e-con-boxed e-con e-child\" data-id=\"2b52389\" data-element_type=\"container\">\n\t\t\t\t\t<div class=\"e-con-inner\">\n\t\t\t\t<div class=\"elementor-element elementor-element-ea65bf6 elementor-view-default elementor-widget elementor-widget-icon\" data-id=\"ea65bf6\" data-element_type=\"widget\" data-widget_type=\"icon.default\">\n\t\t\t\t<div class=\"elementor-widget-container\">\n\t\t\t\t\t\t\t<div class=\"elementor-icon-wrapper\">\n\t\t\t<div class=\"elementor-icon\">\n\t\t\t<svg aria-hidden=\"true\" class=\"e-font-icon-svg e-fas-microphone\" viewbox=\"0 0 352 512\" xmlns=\"http:\/\/www.w3.org\/2000\/svg\"><path d=\"M176 352c53.02 0 96-42.98 96-96V96c0-53.02-42.98-96-96-96S80 42.98 80 96v160c0 53.02 42.98 96 96 96zm160-160h-16c-8.84 0-16 7.16-16 16v48c0 74.8-64.49 134.82-140.79 127.38C96.71 376.89 48 317.11 48 250.3V208c0-8.84-7.16-16-16-16H16c-8.84 0-16 7.16-16 16v40.16c0 89.64 63.97 169.55 152 181.69V464H96c-8.84 0-16 7.16-16 16v16c0 8.84 7.16 16 16 16h160c8.84 0 16-7.16 16-16v-16c0-8.84-7.16-16-16-16h-56v-33.77C285.71 418.47 352 344.9 352 256v-48c0-8.84-7.16-16-16-16z\"><\/path><\/svg>\t\t\t<\/div>\n\t\t<\/div>\n\t\t\t\t\t\t<\/div>\n\t\t\t\t<\/div>\n\t\t\t\t<div class=\"elementor-element elementor-element-c314394 elementor-widget elementor-widget-text-editor\" data-id=\"c314394\" data-element_type=\"widget\" data-widget_type=\"text-editor.default\">\n\t\t\t\t<div class=\"elementor-widget-container\">\n\t\t\t\t\t\t\t\t\t<h3><span style=\"color: #98499d;\">PASTEURS<\/span><\/h3><p>Les personnes impliqu\u00e9es dans la pastorale<br \/>service de la mont\u00e9e ou de votre<br \/>comp\u00e9tences pastorale<br \/>Personne agissant de l&#039;\u00e9largir.<\/p><p>\u00a0<\/p>\t\t\t\t\t\t\t\t<\/div>\n\t\t\t\t<\/div>\n\t\t\t\t\t<\/div>\n\t\t\t\t<\/div>\n\t\t<div class=\"elementor-element elementor-element-152edfb e-flex e-con-boxed e-con e-child\" data-id=\"152edfb\" data-element_type=\"container\">\n\t\t\t\t\t<div class=\"e-con-inner\">\n\t\t\t\t<div class=\"elementor-element elementor-element-219603e elementor-view-default elementor-widget elementor-widget-icon\" data-id=\"219603e\" data-element_type=\"widget\" data-widget_type=\"icon.default\">\n\t\t\t\t<div class=\"elementor-widget-container\">\n\t\t\t\t\t\t\t<div class=\"elementor-icon-wrapper\">\n\t\t\t<div class=\"elementor-icon\">\n\t\t\t<svg aria-hidden=\"true\" class=\"e-font-icon-svg e-fas-lightbulb\" viewbox=\"0 0 352 512\" xmlns=\"http:\/\/www.w3.org\/2000\/svg\"><path d=\"M96.06 454.35c.01 6.29 1.87 12.45 5.36 17.69l17.09 25.69a31.99 31.99 0 0 0 26.64 14.28h61.71a31.99 31.99 0 0 0 26.64-14.28l17.09-25.69a31.989 31.989 0 0 0 5.36-17.69l.04-38.35H96.01l.05 38.35zM0 176c0 44.37 16.45 84.85 43.56 115.78 16.52 18.85 42.36 58.23 52.21 91.45.04.26.07.52.11.78h160.24c.04-.26.07-.51.11-.78 9.85-33.22 35.69-72.6 52.21-91.45C335.55 260.85 352 220.37 352 176 352 78.61 272.91-.3 175.45 0 73.44.31 0 82.97 0 176zm176-80c-44.11 0-80 35.89-80 80 0 8.84-7.16 16-16 16s-16-7.16-16-16c0-61.76 50.24-112 112-112 8.84 0 16 7.16 16 16s-7.16 16-16 16z\"><\/path><\/svg>\t\t\t<\/div>\n\t\t<\/div>\n\t\t\t\t\t\t<\/div>\n\t\t\t\t<\/div>\n\t\t\t\t<div class=\"elementor-element elementor-element-8cc6d90 elementor-widget elementor-widget-text-editor\" data-id=\"8cc6d90\" data-element_type=\"widget\" data-widget_type=\"text-editor.default\">\n\t\t\t\t<div class=\"elementor-widget-container\">\n\t\t\t\t\t\t\t\t\t<h3 style=\"text-align: center;\"><span style=\"color: #65903e;\">LEADER<\/span><\/h3><p style=\"text-align: center;\">La plus ancienne, ainsi que des Hommes et des<br \/>Les femmes de la fonction de responsable<\/p><p>\u00a0<\/p>\t\t\t\t\t\t\t\t<\/div>\n\t\t\t\t<\/div>\n\t\t\t\t\t<\/div>\n\t\t\t\t<\/div>\n\t\t\t\t<\/div>\n\t\t\t\t\t<\/div>\n\t\t\t\t<\/div>\n\t\t<div class=\"elementor-element elementor-element-f0e49b9 e-flex e-con-boxed e-con e-parent\" data-id=\"f0e49b9\" data-element_type=\"container\">\n\t\t\t\t\t<div class=\"e-con-inner\">\n\t\t\t\t<div class=\"elementor-element elementor-element-42cea32 elementor-widget elementor-widget-text-editor\" data-id=\"42cea32\" data-element_type=\"widget\" data-widget_type=\"text-editor.default\">\n\t\t\t\t<div class=\"elementor-widget-container\">\n\t\t\t\t\t\t\t\t\t<h4>POUR PLUS D&#039;INFORMATIONS SUR LES FORMATIONS<\/h4><p>voir <a href=\"https:\/\/www.vfmg.ch\/wp-content\/uploads\/2023\/12\/2023-06-Weiterbildung-VFMG-Flyer.pdf\" target=\"_blank\" rel=\"noopener\">Flyer<\/a> et Fournisseur<\/p>\t\t\t\t\t\t\t\t<\/div>\n\t\t\t\t<\/div>\n\t\t\t\t\t<\/div>\n\t\t\t\t<\/div>\n\t\t<div class=\"elementor-element elementor-element-44ba413 e-grid e-con-boxed e-con e-parent\" data-id=\"44ba413\" data-element_type=\"container\">\n\t\t\t\t\t<div class=\"e-con-inner\">\n\t\t\t\t<div class=\"elementor-element elementor-element-ea67cb7 elementor-widget elementor-widget-text-editor\" data-id=\"ea67cb7\" data-element_type=\"widget\" data-widget_type=\"text-editor.default\">\n\t\t\t\t<div class=\"elementor-widget-container\">\n\t\t\t\t\t\t\t\t\t<p><a href=\"https:\/\/www.acts.ch\" target=\"_blank\" rel=\"noopener\">l&#039;acts.ch<\/a><\/p><p>\u00a0<\/p>\t\t\t\t\t\t\t\t<\/div>\n\t\t\t\t<\/div>\n\t\t\t\t<div class=\"elementor-element elementor-element-8b1942d elementor-widget elementor-widget-text-editor\" data-id=\"8b1942d\" data-element_type=\"widget\" data-widget_type=\"text-editor.default\">\n\t\t\t\t<div class=\"elementor-widget-container\">\n\t\t\t\t\t\t\t\t\t<p><a href=\"https:\/\/www.ifge.academy\" target=\"_blank\" rel=\"noopener\">ifge.academy<\/a><\/p><p>\u00a0<\/p>\t\t\t\t\t\t\t\t<\/div>\n\t\t\t\t<\/div>\n\t\t\t\t<div class=\"elementor-element elementor-element-594ffd8 elementor-widget elementor-widget-text-editor\" data-id=\"594ffd8\" data-element_type=\"widget\" data-widget_type=\"text-editor.default\">\n\t\t\t\t<div class=\"elementor-widget-container\">\n\t\t\t\t\t\t\t\t\t<p><a href=\"https:\/\/www.vfmg.ch\/fr\/\">vfmg.ch<\/a><\/p><p>\u00a0<\/p>\t\t\t\t\t\t\t\t<\/div>\n\t\t\t\t<\/div>\n\t\t\t\t\t<\/div>\n\t\t\t\t<\/div>\n\t\t<div class=\"elementor-element elementor-element-e256500 e-flex e-con-boxed e-con e-parent\" data-id=\"e256500\" data-element_type=\"container\">\n\t\t\t\t\t<div class=\"e-con-inner\">\n\t\t\t\t<div class=\"elementor-element elementor-element-252022c elementor-widget elementor-widget-text-editor\" data-id=\"252022c\" data-element_type=\"widget\" data-widget_type=\"text-editor.default\">\n\t\t\t\t<div class=\"elementor-widget-container\">\n\t\t\t\t\t\t\t\t\t<h4>UNSERE N\u00c4CHSTEN SCHULUNGEN<\/h4>\t\t\t\t\t\t\t\t<\/div>\n\t\t\t\t<\/div>\n\t\t\t\t<div class=\"elementor-element elementor-element-708faf3 elementor-widget elementor-widget-shortcode\" data-id=\"708faf3\" data-element_type=\"widget\" data-widget_type=\"shortcode.default\">\n\t\t\t\t<div class=\"elementor-widget-container\">\n\t\t\t\t\t\t\t<div class=\"elementor-shortcode\"><div class=\"em em-view-container\" id=\"em-view-744434848\" data-view=\"list-grouped\">\r\n\t<div class=\"em em-list em-events-list em-events-list-grouped\" id=\"em-events-list-grouped-744434848\">\r\n\t<h2 style=\"color:#B5121B\">ao\u00fbt 2026<\/h2><div class=\"em-event em-item\" style=\"--default-border:#f1593c;\">\n\t<div class=\"em-item-image\">\n\t\t\n\t\t<img src='https:\/\/www.vfmg.ch\/wp-content\/uploads\/2026\/03\/2026-08-09_Collage_Agenda.jpg' alt='Preach it - Predigtseminar Tag 1'\/>\n\t\t\n\t\t\n\t<\/div>\n\t<div class=\"em-item-info\">\n\t\t<h3 class=\"em-item-title\"><a href=\"https:\/\/www.vfmg.ch\/fr\/events\/preach-it-predigtseminar-tag-1\/\">Preach it - Predigtseminar Tag 1<\/a><\/h3>\n\t\t\n\t\t<div class=\"em-event-meta em-item-meta\">\n\t\t\t<div class=\"em-item-meta-line em-event-date em-event-meta-datetime\">\n\t\t\t\t<span class=\"em-icon-calendar em-icon\"><\/span>\n\t\t\t\t15. ao\u00fbt 2026&nbsp;&nbsp;&nbsp;&nbsp;\n\t\t\t<\/div>\n\t\t\t<div class=\"em-item-meta-line em-event-time em-event-meta-datetime\">\n\t\t\t\t<span class=\"em-icon-clock em-icon\"><\/span>\n\t\t\t\t08:30 - 12:00\n\t\t\t<\/div>\n\t\t\t\n\t\t\t\n\t\t\t<div class=\"em-item-meta-line em-event-location\">\n\t\t\t\t<span class=\"em-icon-location em-icon\"><\/span>\n\t\t\t\t<a href=\"https:\/\/www.vfmg.ch\/fr\/locations\/bez-muensingen\/\">BEZ M\u00fcnsingen<\/a>\n\t\t\t<\/div>\n\t\t\t\n\t\t\t\n\t\t\t\n\t\t\t<div class=\"em-item-meta-line em-item-taxonomy em-event-categories\">\n\t\t\t\t<span class=\"em-icon-category em-icon\"><\/span>\n\t\t\t\t<div>\t<ul class=\"event-categories\">\r\n\t\t\t\t\t<li><a href=\"https:\/\/www.vfmg.ch\/fr\/events\/categories\/basis\/\">Basis<\/a><\/li>\r\n\t\t\t\t\t<li><a href=\"https:\/\/www.vfmg.ch\/fr\/events\/categories\/vfmg\/\">vfmg<\/a><\/li>\r\n\t\t\t\t\t<li><a href=\"https:\/\/www.vfmg.ch\/fr\/events\/categories\/weiterbildung\/\">Formation continue<\/a><\/li>\r\n\t\t\t<\/ul>\r\n\t<\/div>\n\t\t\t<\/div>\n\t\t\t\n\t\t\t\n\t\t<\/div>\n\t\t<div class=\"em-item-desc\">\n\t\t\tThema Basics \u2013 Grundlagen, Ziel und Vorbereitung einer Predigt\n\t\t<\/div>\n\t\t<div class=\"em-item-actions input\">\n\t\t\t<a class=\"em-item-read-more button\" href=\"https:\/\/www.vfmg.ch\/fr\/events\/preach-it-predigtseminar-tag-1\/\">More Info<\/a>\n\t\t\t\n\t\t<\/div>\n\t<\/div>\n<\/div><div class=\"em-event em-item\" style=\"--default-border:#f1593c;\">\n\t<div class=\"em-item-image\">\n\t\t\n\t\t<img src='https:\/\/www.vfmg.ch\/wp-content\/uploads\/2026\/03\/2026-08-09_Collage_Agenda.jpg' alt='Preach it - Predigtseminar Tag 2'\/>\n\t\t\n\t\t\n\t<\/div>\n\t<div class=\"em-item-info\">\n\t\t<h3 class=\"em-item-title\"><a href=\"https:\/\/www.vfmg.ch\/fr\/events\/preach-it-predigtseminar-tag-2\/\">Preach it - Predigtseminar Tag 2<\/a><\/h3>\n\t\t\n\t\t<div class=\"em-event-meta em-item-meta\">\n\t\t\t<div class=\"em-item-meta-line em-event-date em-event-meta-datetime\">\n\t\t\t\t<span class=\"em-icon-calendar em-icon\"><\/span>\n\t\t\t\t22. ao\u00fbt 2026&nbsp;&nbsp;&nbsp;&nbsp;\n\t\t\t<\/div>\n\t\t\t<div class=\"em-item-meta-line em-event-time em-event-meta-datetime\">\n\t\t\t\t<span class=\"em-icon-clock em-icon\"><\/span>\n\t\t\t\t08:30 - 12:00\n\t\t\t<\/div>\n\t\t\t\n\t\t\t\n\t\t\t<div class=\"em-item-meta-line em-event-location\">\n\t\t\t\t<span class=\"em-icon-location em-icon\"><\/span>\n\t\t\t\t<a href=\"https:\/\/www.vfmg.ch\/fr\/locations\/bez-muensingen\/\">BEZ M\u00fcnsingen<\/a>\n\t\t\t<\/div>\n\t\t\t\n\t\t\t\n\t\t\t\n\t\t\t<div class=\"em-item-meta-line em-item-taxonomy em-event-categories\">\n\t\t\t\t<span class=\"em-icon-category em-icon\"><\/span>\n\t\t\t\t<div>\t<ul class=\"event-categories\">\r\n\t\t\t\t\t<li><a href=\"https:\/\/www.vfmg.ch\/fr\/events\/categories\/basis\/\">Basis<\/a><\/li>\r\n\t\t\t\t\t<li><a href=\"https:\/\/www.vfmg.ch\/fr\/events\/categories\/vfmg\/\">vfmg<\/a><\/li>\r\n\t\t\t\t\t<li><a href=\"https:\/\/www.vfmg.ch\/fr\/events\/categories\/weiterbildung\/\">Formation continue<\/a><\/li>\r\n\t\t\t<\/ul>\r\n\t<\/div>\n\t\t\t<\/div>\n\t\t\t\n\t\t\t\n\t\t<\/div>\n\t\t<div class=\"em-item-desc\">\n\t\t\tThema Auslegung \u2013 Biblische Texte sorgf\u00e4ltig verstehen und anwenden\n\t\t<\/div>\n\t\t<div class=\"em-item-actions input\">\n\t\t\t<a class=\"em-item-read-more button\" href=\"https:\/\/www.vfmg.ch\/fr\/events\/preach-it-predigtseminar-tag-2\/\">More Info<\/a>\n\t\t\t\n\t\t<\/div>\n\t<\/div>\n<\/div><h2 style=\"color:#B5121B\">septembre 2026<\/h2><div class=\"em-event em-item\" style=\"--default-border:#f1593c;\">\n\t<div class=\"em-item-image\">\n\t\t\n\t\t<img src='https:\/\/www.vfmg.ch\/wp-content\/uploads\/2026\/03\/2026-08-09_Collage_Agenda.jpg' alt='Preach it - Predigtseminar Tag 3'\/>\n\t\t\n\t\t\n\t<\/div>\n\t<div class=\"em-item-info\">\n\t\t<h3 class=\"em-item-title\"><a href=\"https:\/\/www.vfmg.ch\/fr\/events\/preach-it-predigtseminar-tag-3\/\">Preach it - Predigtseminar Tag 3<\/a><\/h3>\n\t\t\n\t\t<div class=\"em-event-meta em-item-meta\">\n\t\t\t<div class=\"em-item-meta-line em-event-date em-event-meta-datetime\">\n\t\t\t\t<span class=\"em-icon-calendar em-icon\"><\/span>\n\t\t\t\t12. septembre 2026&nbsp;&nbsp;&nbsp;&nbsp;\n\t\t\t<\/div>\n\t\t\t<div class=\"em-item-meta-line em-event-time em-event-meta-datetime\">\n\t\t\t\t<span class=\"em-icon-clock em-icon\"><\/span>\n\t\t\t\t08:30 - 12:00\n\t\t\t<\/div>\n\t\t\t\n\t\t\t\n\t\t\t<div class=\"em-item-meta-line em-event-location\">\n\t\t\t\t<span class=\"em-icon-location em-icon\"><\/span>\n\t\t\t\t<a href=\"https:\/\/www.vfmg.ch\/fr\/locations\/bez-muensingen\/\">BEZ M\u00fcnsingen<\/a>\n\t\t\t<\/div>\n\t\t\t\n\t\t\t\n\t\t\t\n\t\t\t<div class=\"em-item-meta-line em-item-taxonomy em-event-categories\">\n\t\t\t\t<span class=\"em-icon-category em-icon\"><\/span>\n\t\t\t\t<div>\t<ul class=\"event-categories\">\r\n\t\t\t\t\t<li><a href=\"https:\/\/www.vfmg.ch\/fr\/events\/categories\/basis\/\">Basis<\/a><\/li>\r\n\t\t\t\t\t<li><a href=\"https:\/\/www.vfmg.ch\/fr\/events\/categories\/vfmg\/\">vfmg<\/a><\/li>\r\n\t\t\t\t\t<li><a href=\"https:\/\/www.vfmg.ch\/fr\/events\/categories\/weiterbildung\/\">Formation continue<\/a><\/li>\r\n\t\t\t<\/ul>\r\n\t<\/div>\n\t\t\t<\/div>\n\t\t\t\n\t\t\t\n\t\t<\/div>\n\t\t<div class=\"em-item-desc\">\n\t\t\tThema Verk\u00fcndigung \u2013 Die Botschaft klar, lebendig und kraftvoll pr\u00e4sentieren\n\t\t<\/div>\n\t\t<div class=\"em-item-actions input\">\n\t\t\t<a class=\"em-item-read-more button\" href=\"https:\/\/www.vfmg.ch\/fr\/events\/preach-it-predigtseminar-tag-3\/\">More Info<\/a>\n\t\t\t\n\t\t<\/div>\n\t<\/div>\n<\/div><h2 style=\"color:#B5121B\">janvier 2027<\/h2><div class=\"em-event em-item\" style=\"--default-border:#a8d144;\">\n\t<div class=\"em-item-image\">\n\t\t\n\t\t<img src='https:\/\/www.vfmg.ch\/wp-content\/uploads\/2026\/02\/2027-28_cas-lep.jpg' alt='LEP - Modul 1'\/>\n\t\t\n\t\t\n\t<\/div>\n\t<div class=\"em-item-info\">\n\t\t<h3 class=\"em-item-title\"><a href=\"https:\/\/www.vfmg.ch\/fr\/events\/lep-modul-1\/\">LEP - Modul 1<\/a><\/h3>\n\t\t\n\t\t<div class=\"em-event-meta em-item-meta\">\n\t\t\t<div class=\"em-item-meta-line em-event-date em-event-meta-datetime\">\n\t\t\t\t<span class=\"em-icon-calendar em-icon\"><\/span>\n\t\t\t\t19. janvier 2027 - 20. janvier 2027&nbsp;&nbsp;&nbsp;&nbsp;\n\t\t\t<\/div>\n\t\t\t<div class=\"em-item-meta-line em-event-time em-event-meta-datetime\">\n\t\t\t\t<span class=\"em-icon-clock em-icon\"><\/span>\n\t\t\t\t10:00 - 15:30\n\t\t\t<\/div>\n\t\t\t\n\t\t\t\n\t\t\t<div class=\"em-item-meta-line em-event-location\">\n\t\t\t\t<span class=\"em-icon-location em-icon\"><\/span>\n\t\t\t\t<a href=\"https:\/\/www.vfmg.ch\/fr\/locations\/seminar-und-freizeithaus-wydibuehl\/\">Seminar und Freizeithaus Wydib\u00fchl<\/a>\n\t\t\t<\/div>\n\t\t\t\n\t\t\t\n\t\t\t\n\t\t\t<div class=\"em-item-meta-line em-item-taxonomy em-event-categories\">\n\t\t\t\t<span class=\"em-icon-category em-icon\"><\/span>\n\t\t\t\t<div>\t<ul class=\"event-categories\">\r\n\t\t\t\t\t<li><a href=\"https:\/\/www.vfmg.ch\/fr\/events\/categories\/lep\/\">lep<\/a><\/li>\r\n\t\t\t\t\t<li><a href=\"https:\/\/www.vfmg.ch\/fr\/events\/categories\/pastoren\/\">Pastoren<\/a><\/li>\r\n\t\t\t\t\t<li><a href=\"https:\/\/www.vfmg.ch\/fr\/events\/categories\/vfmg\/\">vfmg<\/a><\/li>\r\n\t\t\t\t\t<li><a href=\"https:\/\/www.vfmg.ch\/fr\/events\/categories\/weiterbildung\/\">Formation continue<\/a><\/li>\r\n\t\t\t<\/ul>\r\n\t<\/div>\n\t\t\t<\/div>\n\t\t\t\n\t\t\t\n\t\t<\/div>\n\t\t<div class=\"em-item-desc\">\n\t\t\tThema Als F\u00fchrungskraft f\u00fcr die eigene Entwicklung sorgen.\n\t\t<\/div>\n\t\t<div class=\"em-item-actions input\">\n\t\t\t<a class=\"em-item-read-more button\" href=\"https:\/\/www.vfmg.ch\/fr\/events\/lep-modul-1\/\">More Info<\/a>\n\t\t\t\n\t\t<\/div>\n\t<\/div>\n<\/div><h2 style=\"color:#B5121B\">mars 2027<\/h2><div class=\"em-event em-item\" style=\"--default-border:#a8d144;\">\n\t<div class=\"em-item-image\">\n\t\t\n\t\t<img src='https:\/\/www.vfmg.ch\/wp-content\/uploads\/2026\/02\/2027-28_cas-lep.jpg' alt='LEP - Modul 2'\/>\n\t\t\n\t\t\n\t<\/div>\n\t<div class=\"em-item-info\">\n\t\t<h3 class=\"em-item-title\"><a href=\"https:\/\/www.vfmg.ch\/fr\/events\/lep-modul-2\/\">LEP - Modul 2<\/a><\/h3>\n\t\t\n\t\t<div class=\"em-event-meta em-item-meta\">\n\t\t\t<div class=\"em-item-meta-line em-event-date em-event-meta-datetime\">\n\t\t\t\t<span class=\"em-icon-calendar em-icon\"><\/span>\n\t\t\t\t9. mars 2027 - 10. mars 2027&nbsp;&nbsp;&nbsp;&nbsp;\n\t\t\t<\/div>\n\t\t\t<div class=\"em-item-meta-line em-event-time em-event-meta-datetime\">\n\t\t\t\t<span class=\"em-icon-clock em-icon\"><\/span>\n\t\t\t\t10:00 - 15:30\n\t\t\t<\/div>\n\t\t\t\n\t\t\t\n\t\t\t<div class=\"em-item-meta-line em-event-location\">\n\t\t\t\t<span class=\"em-icon-location em-icon\"><\/span>\n\t\t\t\t<a href=\"https:\/\/www.vfmg.ch\/fr\/locations\/seminar-und-freizeithaus-wydibuehl\/\">Seminar und Freizeithaus Wydib\u00fchl<\/a>\n\t\t\t<\/div>\n\t\t\t\n\t\t\t\n\t\t\t\n\t\t\t<div class=\"em-item-meta-line em-item-taxonomy em-event-categories\">\n\t\t\t\t<span class=\"em-icon-category em-icon\"><\/span>\n\t\t\t\t<div>\t<ul class=\"event-categories\">\r\n\t\t\t\t\t<li><a href=\"https:\/\/www.vfmg.ch\/fr\/events\/categories\/lep\/\">lep<\/a><\/li>\r\n\t\t\t\t\t<li><a href=\"https:\/\/www.vfmg.ch\/fr\/events\/categories\/pastoren\/\">Pastoren<\/a><\/li>\r\n\t\t\t\t\t<li><a href=\"https:\/\/www.vfmg.ch\/fr\/events\/categories\/vfmg\/\">vfmg<\/a><\/li>\r\n\t\t\t\t\t<li><a href=\"https:\/\/www.vfmg.ch\/fr\/events\/categories\/weiterbildung\/\">Formation continue<\/a><\/li>\r\n\t\t\t<\/ul>\r\n\t<\/div>\n\t\t\t<\/div>\n\t\t\t\n\t\t\t\n\t\t<\/div>\n\t\t<div class=\"em-item-desc\">\n\t\t\tThema Als F\u00fchrungskraft kompetent f\u00fchren durch Kommunikation.\n\t\t<\/div>\n\t\t<div class=\"em-item-actions input\">\n\t\t\t<a class=\"em-item-read-more button\" href=\"https:\/\/www.vfmg.ch\/fr\/events\/lep-modul-2\/\">More Info<\/a>\n\t\t\t\n\t\t<\/div>\n\t<\/div>\n<\/div><div class=\"em-event em-item\" style=\"--default-border:#f1593c;\">\n\t<div class=\"em-item-image has-placeholder\">\n\t\t\n\t\t\n\t\t<div class=\"em-item-image-placeholder\">\n\t\t\t<div class=\"date\">\n\t\t\t\t<span class=\"day\">19<\/span>\n\t\t\t\t<span class=\"month\">Mar<\/span>\n\t\t\t<\/div>\n\t\t<\/div>\n\t\t\n\t<\/div>\n\t<div class=\"em-item-info\">\n\t\t<h3 class=\"em-item-title\"><a href=\"https:\/\/www.vfmg.ch\/fr\/events\/kirchenkonferenz\/\">Konferenz &quot;Kirche f\u00fcr Andere&quot;<\/a><\/h3>\n\t\t\n\t\t<div class=\"em-event-meta em-item-meta\">\n\t\t\t<div class=\"em-item-meta-line em-event-date em-event-meta-datetime\">\n\t\t\t\t<span class=\"em-icon-calendar em-icon\"><\/span>\n\t\t\t\t19. mars 2027 - 20. mars 2027&nbsp;&nbsp;&nbsp;&nbsp;\n\t\t\t<\/div>\n\t\t\t<div class=\"em-item-meta-line em-event-time em-event-meta-datetime\">\n\t\t\t\t<span class=\"em-icon-clock em-icon\"><\/span>\n\t\t\t\tToute la journ\u00e9e\n\t\t\t<\/div>\n\t\t\t\n\t\t\t\n\t\t\t\n\t\t\t\n\t\t\t<div class=\"em-item-meta-line em-item-taxonomy em-event-categories\">\n\t\t\t\t<span class=\"em-icon-category em-icon\"><\/span>\n\t\t\t\t<div>\t<ul class=\"event-categories\">\r\n\t\t\t\t\t<li><a href=\"https:\/\/www.vfmg.ch\/fr\/events\/categories\/basis\/\">Basis<\/a><\/li>\r\n\t\t\t\t\t<li><a href=\"https:\/\/www.vfmg.ch\/fr\/events\/categories\/gemeindeleitung\/\">Direction de la communaut\u00e9<\/a><\/li>\r\n\t\t\t\t\t<li><a href=\"https:\/\/www.vfmg.ch\/fr\/events\/categories\/pastoren\/\">Pastoren<\/a><\/li>\r\n\t\t\t\t\t<li><a href=\"https:\/\/www.vfmg.ch\/fr\/events\/categories\/vfmg\/\">vfmg<\/a><\/li>\r\n\t\t\t<\/ul>\r\n\t<\/div>\n\t\t\t<\/div>\n\t\t\t\n\t\t\t\n\t\t<\/div>\n\t\t<div class=\"em-item-desc\">\n\t\t\tGrosskonferenz unter dem Titel \"Kirche f\u00fcr andere\" in Zusammenarbeit mit anderen Verb\u00e4nden.\n\t\t<\/div>\n\t\t<div class=\"em-item-actions input\">\n\t\t\t<a class=\"em-item-read-more button\" href=\"https:\/\/www.vfmg.ch\/fr\/events\/kirchenkonferenz\/\">More Info<\/a>\n\t\t\t\n\t\t<\/div>\n\t<\/div>\n<\/div><h2 style=\"color:#B5121B\">juin 2027<\/h2><div class=\"em-event em-item\" style=\"--default-border:#a8d144;\">\n\t<div class=\"em-item-image\">\n\t\t\n\t\t<img src='https:\/\/www.vfmg.ch\/wp-content\/uploads\/2026\/02\/2027-28_cas-lep.jpg' alt='LEP - Modul 3'\/>\n\t\t\n\t\t\n\t<\/div>\n\t<div class=\"em-item-info\">\n\t\t<h3 class=\"em-item-title\"><a href=\"https:\/\/www.vfmg.ch\/fr\/events\/lep-modul-3\/\">LEP - Modul 3<\/a><\/h3>\n\t\t\n\t\t<div class=\"em-event-meta em-item-meta\">\n\t\t\t<div class=\"em-item-meta-line em-event-date em-event-meta-datetime\">\n\t\t\t\t<span class=\"em-icon-calendar em-icon\"><\/span>\n\t\t\t\t1. juin 2027 - 2. juin 2027&nbsp;&nbsp;&nbsp;&nbsp;\n\t\t\t<\/div>\n\t\t\t<div class=\"em-item-meta-line em-event-time em-event-meta-datetime\">\n\t\t\t\t<span class=\"em-icon-clock em-icon\"><\/span>\n\t\t\t\t10:00 - 15:30\n\t\t\t<\/div>\n\t\t\t\n\t\t\t\n\t\t\t<div class=\"em-item-meta-line em-event-location\">\n\t\t\t\t<span class=\"em-icon-location em-icon\"><\/span>\n\t\t\t\t<a href=\"https:\/\/www.vfmg.ch\/fr\/locations\/seminar-und-freizeithaus-wydibuehl\/\">Seminar und Freizeithaus Wydib\u00fchl<\/a>\n\t\t\t<\/div>\n\t\t\t\n\t\t\t\n\t\t\t\n\t\t\t<div class=\"em-item-meta-line em-item-taxonomy em-event-categories\">\n\t\t\t\t<span class=\"em-icon-category em-icon\"><\/span>\n\t\t\t\t<div>\t<ul class=\"event-categories\">\r\n\t\t\t\t\t<li><a href=\"https:\/\/www.vfmg.ch\/fr\/events\/categories\/lep\/\">lep<\/a><\/li>\r\n\t\t\t\t\t<li><a href=\"https:\/\/www.vfmg.ch\/fr\/events\/categories\/pastoren\/\">Pastoren<\/a><\/li>\r\n\t\t\t\t\t<li><a href=\"https:\/\/www.vfmg.ch\/fr\/events\/categories\/vfmg\/\">vfmg<\/a><\/li>\r\n\t\t\t\t\t<li><a href=\"https:\/\/www.vfmg.ch\/fr\/events\/categories\/weiterbildung\/\">Formation continue<\/a><\/li>\r\n\t\t\t<\/ul>\r\n\t<\/div>\n\t\t\t<\/div>\n\t\t\t\n\t\t\t\n\t\t<\/div>\n\t\t<div class=\"em-item-desc\">\n\t\t\tThema Als F\u00fchrungskraft mit einem F\u00fchrungskonzept Einfluss nehmen.\n\t\t<\/div>\n\t\t<div class=\"em-item-actions input\">\n\t\t\t<a class=\"em-item-read-more button\" href=\"https:\/\/www.vfmg.ch\/fr\/events\/lep-modul-3\/\">More Info<\/a>\n\t\t\t\n\t\t<\/div>\n\t<\/div>\n<\/div><h2 style=\"color:#B5121B\">ao\u00fbt 2027<\/h2><div class=\"em-event em-item\" style=\"--default-border:#a8d144;\">\n\t<div class=\"em-item-image\">\n\t\t\n\t\t<img src='https:\/\/www.vfmg.ch\/wp-content\/uploads\/2026\/02\/2027-28_cas-lep.jpg' alt='LEP - Modul 4'\/>\n\t\t\n\t\t\n\t<\/div>\n\t<div class=\"em-item-info\">\n\t\t<h3 class=\"em-item-title\"><a href=\"https:\/\/www.vfmg.ch\/fr\/events\/lep-modul-4\/\">LEP - Modul 4<\/a><\/h3>\n\t\t\n\t\t<div class=\"em-event-meta em-item-meta\">\n\t\t\t<div class=\"em-item-meta-line em-event-date em-event-meta-datetime\">\n\t\t\t\t<span class=\"em-icon-calendar em-icon\"><\/span>\n\t\t\t\t31. ao\u00fbt 2027 - 1. septembre 2027&nbsp;&nbsp;&nbsp;&nbsp;\n\t\t\t<\/div>\n\t\t\t<div class=\"em-item-meta-line em-event-time em-event-meta-datetime\">\n\t\t\t\t<span class=\"em-icon-clock em-icon\"><\/span>\n\t\t\t\t10:00 - 15:30\n\t\t\t<\/div>\n\t\t\t\n\t\t\t\n\t\t\t<div class=\"em-item-meta-line em-event-location\">\n\t\t\t\t<span class=\"em-icon-location em-icon\"><\/span>\n\t\t\t\t<a href=\"https:\/\/www.vfmg.ch\/fr\/locations\/seminar-und-freizeithaus-wydibuehl\/\">Seminar und Freizeithaus Wydib\u00fchl<\/a>\n\t\t\t<\/div>\n\t\t\t\n\t\t\t\n\t\t\t\n\t\t\t<div class=\"em-item-meta-line em-item-taxonomy em-event-categories\">\n\t\t\t\t<span class=\"em-icon-category em-icon\"><\/span>\n\t\t\t\t<div>\t<ul class=\"event-categories\">\r\n\t\t\t\t\t<li><a href=\"https:\/\/www.vfmg.ch\/fr\/events\/categories\/lep\/\">lep<\/a><\/li>\r\n\t\t\t\t\t<li><a href=\"https:\/\/www.vfmg.ch\/fr\/events\/categories\/pastoren\/\">Pastoren<\/a><\/li>\r\n\t\t\t\t\t<li><a href=\"https:\/\/www.vfmg.ch\/fr\/events\/categories\/vfmg\/\">vfmg<\/a><\/li>\r\n\t\t\t\t\t<li><a href=\"https:\/\/www.vfmg.ch\/fr\/events\/categories\/weiterbildung\/\">Formation continue<\/a><\/li>\r\n\t\t\t<\/ul>\r\n\t<\/div>\n\t\t\t<\/div>\n\t\t\t\n\t\t\t\n\t\t<\/div>\n\t\t<div class=\"em-item-desc\">\n\t\t\tThema Als F\u00fchrungskraft doe Chance von Konflikten gezielt nutzen.\n\t\t<\/div>\n\t\t<div class=\"em-item-actions input\">\n\t\t\t<a class=\"em-item-read-more button\" href=\"https:\/\/www.vfmg.ch\/fr\/events\/lep-modul-4\/\">More Info<\/a>\n\t\t\t\n\t\t<\/div>\n\t<\/div>\n<\/div><h2 style=\"color:#B5121B\">novembre 2027<\/h2><div class=\"em-event em-item\" style=\"--default-border:#a8d144;\">\n\t<div class=\"em-item-image\">\n\t\t\n\t\t<img src='https:\/\/www.vfmg.ch\/wp-content\/uploads\/2026\/02\/2027-28_cas-lep.jpg' alt='LEP - Modul 5'\/>\n\t\t\n\t\t\n\t<\/div>\n\t<div class=\"em-item-info\">\n\t\t<h3 class=\"em-item-title\"><a href=\"https:\/\/www.vfmg.ch\/fr\/events\/lep-modul-5\/\">LEP - Modul 5<\/a><\/h3>\n\t\t\n\t\t<div class=\"em-event-meta em-item-meta\">\n\t\t\t<div class=\"em-item-meta-line em-event-date em-event-meta-datetime\">\n\t\t\t\t<span class=\"em-icon-calendar em-icon\"><\/span>\n\t\t\t\t2. novembre 2027 - 3. novembre 2027&nbsp;&nbsp;&nbsp;&nbsp;\n\t\t\t<\/div>\n\t\t\t<div class=\"em-item-meta-line em-event-time em-event-meta-datetime\">\n\t\t\t\t<span class=\"em-icon-clock em-icon\"><\/span>\n\t\t\t\t10:00 - 15:30\n\t\t\t<\/div>\n\t\t\t\n\t\t\t\n\t\t\t<div class=\"em-item-meta-line em-event-location\">\n\t\t\t\t<span class=\"em-icon-location em-icon\"><\/span>\n\t\t\t\t<a href=\"https:\/\/www.vfmg.ch\/fr\/locations\/seminar-und-freizeithaus-wydibuehl\/\">Seminar und Freizeithaus Wydib\u00fchl<\/a>\n\t\t\t<\/div>\n\t\t\t\n\t\t\t\n\t\t\t\n\t\t\t<div class=\"em-item-meta-line em-item-taxonomy em-event-categories\">\n\t\t\t\t<span class=\"em-icon-category em-icon\"><\/span>\n\t\t\t\t<div>\t<ul class=\"event-categories\">\r\n\t\t\t\t\t<li><a href=\"https:\/\/www.vfmg.ch\/fr\/events\/categories\/lep\/\">lep<\/a><\/li>\r\n\t\t\t\t\t<li><a href=\"https:\/\/www.vfmg.ch\/fr\/events\/categories\/pastoren\/\">Pastoren<\/a><\/li>\r\n\t\t\t\t\t<li><a href=\"https:\/\/www.vfmg.ch\/fr\/events\/categories\/vfmg\/\">vfmg<\/a><\/li>\r\n\t\t\t\t\t<li><a href=\"https:\/\/www.vfmg.ch\/fr\/events\/categories\/weiterbildung\/\">Formation continue<\/a><\/li>\r\n\t\t\t<\/ul>\r\n\t<\/div>\n\t\t\t<\/div>\n\t\t\t\n\t\t\t\n\t\t<\/div>\n\t\t<div class=\"em-item-desc\">\n\t\t\tThema Als F\u00fchrungskraft systemisch Ver\u00e4nderungen planen und steuern\n\t\t<\/div>\n\t\t<div class=\"em-item-actions input\">\n\t\t\t<a class=\"em-item-read-more button\" href=\"https:\/\/www.vfmg.ch\/fr\/events\/lep-modul-5\/\">More Info<\/a>\n\t\t\t\n\t\t<\/div>\n\t<\/div>\n<\/div><h2 style=\"color:#B5121B\">janvier 2028<\/h2><div class=\"em-event em-item\" style=\"--default-border:#a8d144;\">\n\t<div class=\"em-item-image\">\n\t\t\n\t\t<img src='https:\/\/www.vfmg.ch\/wp-content\/uploads\/2026\/02\/2027-28_cas-lep.jpg' alt='LEP - Modul 6'\/>\n\t\t\n\t\t\n\t<\/div>\n\t<div class=\"em-item-info\">\n\t\t<h3 class=\"em-item-title\"><a href=\"https:\/\/www.vfmg.ch\/fr\/events\/lep-modul-6\/\">LEP - Modul 6<\/a><\/h3>\n\t\t\n\t\t<div class=\"em-event-meta em-item-meta\">\n\t\t\t<div class=\"em-item-meta-line em-event-date em-event-meta-datetime\">\n\t\t\t\t<span class=\"em-icon-calendar em-icon\"><\/span>\n\t\t\t\t25. janvier 2028 - 26. janvier 2028&nbsp;&nbsp;&nbsp;&nbsp;\n\t\t\t<\/div>\n\t\t\t<div class=\"em-item-meta-line em-event-time em-event-meta-datetime\">\n\t\t\t\t<span class=\"em-icon-clock em-icon\"><\/span>\n\t\t\t\t10:00 - 15:30\n\t\t\t<\/div>\n\t\t\t\n\t\t\t\n\t\t\t<div class=\"em-item-meta-line em-event-location\">\n\t\t\t\t<span class=\"em-icon-location em-icon\"><\/span>\n\t\t\t\t<a href=\"https:\/\/www.vfmg.ch\/fr\/locations\/seminar-und-freizeithaus-wydibuehl\/\">Seminar und Freizeithaus Wydib\u00fchl<\/a>\n\t\t\t<\/div>\n\t\t\t\n\t\t\t\n\t\t\t\n\t\t\t<div class=\"em-item-meta-line em-item-taxonomy em-event-categories\">\n\t\t\t\t<span class=\"em-icon-category em-icon\"><\/span>\n\t\t\t\t<div>\t<ul class=\"event-categories\">\r\n\t\t\t\t\t<li><a href=\"https:\/\/www.vfmg.ch\/fr\/events\/categories\/lep\/\">lep<\/a><\/li>\r\n\t\t\t\t\t<li><a href=\"https:\/\/www.vfmg.ch\/fr\/events\/categories\/pastoren\/\">Pastoren<\/a><\/li>\r\n\t\t\t\t\t<li><a href=\"https:\/\/www.vfmg.ch\/fr\/events\/categories\/vfmg\/\">vfmg<\/a><\/li>\r\n\t\t\t\t\t<li><a href=\"https:\/\/www.vfmg.ch\/fr\/events\/categories\/weiterbildung\/\">Formation continue<\/a><\/li>\r\n\t\t\t<\/ul>\r\n\t<\/div>\n\t\t\t<\/div>\n\t\t\t\n\t\t\t\n\t\t<\/div>\n\t\t<div class=\"em-item-desc\">\n\t\t\tThema Als F\u00fchrungskraft mit Dynamiken in Gruppen gekonnt arbeiten.\n\t\t<\/div>\n\t\t<div class=\"em-item-actions input\">\n\t\t\t<a class=\"em-item-read-more button\" href=\"https:\/\/www.vfmg.ch\/fr\/events\/lep-modul-6\/\">More Info<\/a>\n\t\t\t\n\t\t<\/div>\n\t<\/div>\n<\/div>\t<\/div>\r\n<\/div><\/div>\n\t\t\t\t\t\t<\/div>\n\t\t\t\t<\/div>\n\t\t\t\t\t<\/div>\n\t\t\t\t<\/div>\n\t\t\t\t<\/div>","protected":false},"excerpt":{"rendered":"<p>Das Konzept legt das Gewicht auf drei Zielgruppen: \u00a0 BASIS Personen, welche ihre Berufung und Begabung entdecken und einbringen oder sich f\u00fcr ihre Aufgaben ermutigen und weiterbilden lassen wollen. \u00a0 PASTOREN Personen, die in den pastoralenDienst einsteigen oder ihreKompetenzen als pastoralt\u00e4tige Person erweitern wollen. \u00a0 GEMEINDELEITUNG \u00c4lteste sowie M\u00e4nner undFrauen der Gemeindeleitung \u00a0 WEITERE INFORMATIONEN [&hellip;]<\/p>","protected":false},"author":1,"featured_media":12771,"comment_status":"closed","ping_status":"open","sticky":false,"template":"","format":"standard","meta":{"footnotes":"","_links_to":"","_links_to_target":""},"categories":[81],"tags":[],"class_list":["post-12317","post","type-post","status-publish","format-standard","has-post-thumbnail","hentry","category-arbeitsbereiche"],"_links":{"self":[{"href":"https:\/\/www.vfmg.ch\/fr\/wp-json\/wp\/v2\/posts\/12317","targetHints":{"allow":["GET"]}}],"collection":[{"href":"https:\/\/www.vfmg.ch\/fr\/wp-json\/wp\/v2\/posts"}],"about":[{"href":"https:\/\/www.vfmg.ch\/fr\/wp-json\/wp\/v2\/types\/post"}],"author":[{"embeddable":true,"href":"https:\/\/www.vfmg.ch\/fr\/wp-json\/wp\/v2\/users\/1"}],"replies":[{"embeddable":true,"href":"https:\/\/www.vfmg.ch\/fr\/wp-json\/wp\/v2\/comments?post=12317"}],"version-history":[{"count":0,"href":"https:\/\/www.vfmg.ch\/fr\/wp-json\/wp\/v2\/posts\/12317\/revisions"}],"wp:featuredmedia":[{"embeddable":true,"href":"https:\/\/www.vfmg.ch\/fr\/wp-json\/wp\/v2\/media\/12771"}],"wp:attachment":[{"href":"https:\/\/www.vfmg.ch\/fr\/wp-json\/wp\/v2\/media?parent=12317"}],"wp:term":[{"taxonomy":"category","embeddable":true,"href":"https:\/\/www.vfmg.ch\/fr\/wp-json\/wp\/v2\/categories?post=12317"},{"taxonomy":"post_tag","embeddable":true,"href":"https:\/\/www.vfmg.ch\/fr\/wp-json\/wp\/v2\/tags?post=12317"}],"curies":[{"name":"wp","href":"https:\/\/api.w.org\/{rel}","templated":true}]}}