{"id":12351,"date":"2023-12-28T16:32:54","date_gmt":"2023-12-28T15:32:54","guid":{"rendered":"https:\/\/app.vfmg.ch\/?p=12351"},"modified":"2025-02-21T08:08:53","modified_gmt":"2025-02-21T07:08:53","slug":"wydenhof","status":"publish","type":"post","link":"https:\/\/www.vfmg.ch\/fr\/wydenhof\/","title":{"rendered":"Wydenhof"},"content":{"rendered":"<p>Le \"WYDENHOF - Lebensqualit\u00e4t f\u00fcr Senioren\" pour les personnes \u00e2g\u00e9es \u00e0 Rubigen est, depuis 1976, la vieillesse et \u00e0 la maison de soins infirmiers pour UAM et a \u00e9t\u00e9, ces derni\u00e8res ann\u00e9es, soigneusement r\u00e9nov\u00e9 et agrandi. La propri\u00e9t\u00e9 est adjacente \u00e0 la zone agricole, avec une superbe vue sur les alpes bernoises et par les transports en commun est tr\u00e8s bien d\u00e9velopp\u00e9. Dans le \"Wydenhof\" il y a, outre 53 Places dans les maisons de retraite, resp. dans le d\u00e9partement depuis la fin de 2011, 3 appartements pour personnes \u00e2g\u00e9es dans l'extension. Le \"Wydenhof\" a priv\u00e9 de statut juridique et est depuis en 2023, en tant que soci\u00e9t\u00e9 anonyme conduit. La maison sait, l'\u00e9thique chr\u00e9tienne oblige, et cette attitude caract\u00e9rise l'atmosph\u00e8re de la maison. Cela comprend le respect mutuel, la gentillesse, la politesse et le respect de la vie priv\u00e9e des r\u00e9sidents, dans la mesure o\u00f9 cela est possible.<\/p>\n<p>&nbsp;<\/p>\n<p>Pour plus d'informations: <a href=\"https:\/\/www.wydenhof-rubigen.ch\" target=\"_blank\" rel=\"noopener\">www.wydenhof-rubigen.ch<\/a><\/p>\n<p>&nbsp;<\/p>","protected":false},"excerpt":{"rendered":"<p>Der WYDENHOF \u2013 Lebensqualit\u00e4t f\u00fcr Senioren in Rubigen geh\u00f6rt seit 1976 als Alters- und Pflegeheim zur VFMG und wurde in den vergangenen Jahren gr\u00fcndlich renoviert und ausgebaut. Die Liegenschaft grenzt an die Landwirtschaftszone mit einer wundersch\u00f6nen Aussicht auf die Berner Alpen und ist durch die \u00f6ffentlichen Verkehrsmittel sehr gut erschlossen. Im Wydenhof gibt es nebst [&hellip;]<\/p>","protected":false},"author":1,"featured_media":12781,"comment_status":"closed","ping_status":"open","sticky":false,"template":"","format":"standard","meta":{"footnotes":"","_links_to":"","_links_to_target":""},"categories":[81],"tags":[],"class_list":["post-12351","post","type-post","status-publish","format-standard","has-post-thumbnail","hentry","category-arbeitsbereiche"],"_links":{"self":[{"href":"https:\/\/www.vfmg.ch\/fr\/wp-json\/wp\/v2\/posts\/12351","targetHints":{"allow":["GET"]}}],"collection":[{"href":"https:\/\/www.vfmg.ch\/fr\/wp-json\/wp\/v2\/posts"}],"about":[{"href":"https:\/\/www.vfmg.ch\/fr\/wp-json\/wp\/v2\/types\/post"}],"author":[{"embeddable":true,"href":"https:\/\/www.vfmg.ch\/fr\/wp-json\/wp\/v2\/users\/1"}],"replies":[{"embeddable":true,"href":"https:\/\/www.vfmg.ch\/fr\/wp-json\/wp\/v2\/comments?post=12351"}],"version-history":[{"count":0,"href":"https:\/\/www.vfmg.ch\/fr\/wp-json\/wp\/v2\/posts\/12351\/revisions"}],"wp:featuredmedia":[{"embeddable":true,"href":"https:\/\/www.vfmg.ch\/fr\/wp-json\/wp\/v2\/media\/12781"}],"wp:attachment":[{"href":"https:\/\/www.vfmg.ch\/fr\/wp-json\/wp\/v2\/media?parent=12351"}],"wp:term":[{"taxonomy":"category","embeddable":true,"href":"https:\/\/www.vfmg.ch\/fr\/wp-json\/wp\/v2\/categories?post=12351"},{"taxonomy":"post_tag","embeddable":true,"href":"https:\/\/www.vfmg.ch\/fr\/wp-json\/wp\/v2\/tags?post=12351"}],"curies":[{"name":"wp","href":"https:\/\/api.w.org\/{rel}","templated":true}]}}