{"id":12366,"date":"2023-12-28T17:15:05","date_gmt":"2023-12-28T16:15:05","guid":{"rendered":"https:\/\/app.vfmg.ch\/?p=12366"},"modified":"2025-02-21T08:08:52","modified_gmt":"2025-02-21T07:08:52","slug":"youth-vfmg","status":"publish","type":"post","link":"https:\/\/www.vfmg.ch\/fr\/youth-vfmg\/","title":{"rendered":"<div class=\"notitle\">De la jeunesse UAM<\/div>"},"content":{"rendered":"<div data-elementor-type=\"wp-post\" data-elementor-id=\"12366\" class=\"elementor elementor-12366\" data-elementor-post-type=\"post\">\n\t\t\t\t<div class=\"elementor-element elementor-element-4d686731 e-flex e-con-boxed e-con e-parent\" data-id=\"4d686731\" data-element_type=\"container\">\n\t\t\t\t\t<div class=\"e-con-inner\">\n\t\t\t\t<div class=\"elementor-element elementor-element-5106e5ad elementor-widget elementor-widget-text-editor\" data-id=\"5106e5ad\" data-element_type=\"widget\" data-widget_type=\"text-editor.default\">\n\t\t\t\t<div class=\"elementor-widget-container\">\n\t\t\t\t\t\t\t\t\t<h2><strong>Nous r\u00eavons d&#039;un passionn\u00e9 de la Jeunesse de J\u00e9sus, sans compromis suit!<\/strong><\/h2><p>C'est pourquoi nous investissons nous dans la prochaine g\u00e9n\u00e9ration. Nous inspirer, relier et soutenir. D'une part, nous cr\u00e9ons de bonnes offres et des \u00e9v\u00e9nements pour les adolescents et les Jeunes, comme les cours de fois, le \"Teenscamp\" ou le \"Praisecamp\". D'autre part, nous soutenons les responsables et les \u00e9quipes de nos \u00e9glises. Nous sommes l\u00e0 pour vous et vous proposons un bon de formation et de perfectionnement pour moniteurs, comme le newleaders ou les offres de BESJ.<\/p><p><strong>\u00a0<\/strong><\/p><p>Dans nos \u00e9glises, il existe un large \u00e9ventail d'offres pour les adolescents et les jeunes. Vous trouverez les informations sur les sites web locaux <a href=\"https:\/\/www.vfmg.ch\/fr\/unsere-gemeinden\/\">\u00e9glises<\/a>.<\/p><p><strong>\u00a0<\/strong><\/p><p>Sous<a href=\"https:\/\/youth.vfmg.ch\" target=\"_blank\" rel=\"noopener\"> https:\/\/youth.vfmg.ch<\/a> Vous trouverez toutes les Offres de la Jeunesse!<\/p><p><strong>\u00a0<\/strong><\/p><p>\u00a0<\/p><h2>Aper\u00e7u des dates<\/h2><p><div class=\"em em-view-container\" id=\"em-view-908431899\" data-view=\"list-grouped\">\r\n\t<div class=\"em em-list em-events-list em-events-list-grouped\" id=\"em-events-list-grouped-908431899\">\r\n\t<h2 style=\"color:#B5121B\">juin 2026<\/h2><div class=\"em-event em-item\" style=\"--default-border:#b5121b;\">\n\t<div class=\"em-item-image\">\n\t\t\n\t\t<img src='https:\/\/www.vfmg.ch\/wp-content\/uploads\/2026\/02\/Styleguide-Melo-2026-21.png' alt='Melo Festival'\/>\n\t\t\n\t\t\n\t<\/div>\n\t<div class=\"em-item-info\">\n\t\t<h3 class=\"em-item-title\"><a href=\"https:\/\/www.vfmg.ch\/fr\/events\/melo-festival\/\">Melo Festival<\/a><\/h3>\n\t\t\n\t\t<div class=\"em-event-meta em-item-meta\">\n\t\t\t<div class=\"em-item-meta-line em-event-date em-event-meta-datetime\">\n\t\t\t\t<span class=\"em-icon-calendar em-icon\"><\/span>\n\t\t\t\t12. juin 2026 &#8211; 14. juin 2026&nbsp;&nbsp;&nbsp;&nbsp;\n\t\t\t<\/div>\n\t\t\t<div class=\"em-item-meta-line em-event-time em-event-meta-datetime\">\n\t\t\t\t<span class=\"em-icon-clock em-icon\"><\/span>\n\t\t\t\tToute la journ\u00e9e\n\t\t\t<\/div>\n\t\t\t\n\t\t\t\n\t\t\t<div class=\"em-item-meta-line em-event-location\">\n\t\t\t\t<span class=\"em-icon-location em-icon\"><\/span>\n\t\t\t\t<a href=\"https:\/\/www.vfmg.ch\/fr\/locations\/konferenzzentrum-st-chrischona\/\">Centre De Conf\u00e9rences De St-Chrischona<\/a>\n\t\t\t<\/div>\n\t\t\t\n\t\t\t\n\t\t\t\n\t\t\t<div class=\"em-item-meta-line em-item-taxonomy em-event-categories\">\n\t\t\t\t<span class=\"em-icon-category em-icon\"><\/span>\n\t\t\t\t<div>\t<ul class=\"event-categories\">\r\n\t\t\t\t\t<li><a href=\"https:\/\/www.vfmg.ch\/fr\/events\/categories\/vfmg\/\">vfmg<\/a><\/li>\r\n\t\t\t\t\t<li><a href=\"https:\/\/www.vfmg.ch\/fr\/events\/categories\/youth\/\">youth<\/a><\/li>\r\n\t\t\t<\/ul>\r\n\t<\/div>\n\t\t\t<\/div>\n\t\t\t\n\t\t\t\n\t\t<\/div>\n\t\t<div class=\"em-item-desc\">\n\t\t\t\n\t\t<\/div>\n\t\t<div class=\"em-item-actions input\">\n\t\t\t<a class=\"em-item-read-more button\" href=\"https:\/\/www.vfmg.ch\/fr\/events\/melo-festival\/\">More Info<\/a>\n\t\t\t\n\t\t<\/div>\n\t<\/div>\n<\/div><h2 style=\"color:#B5121B\">septembre 2026<\/h2><div class=\"em-event em-item\" style=\"--default-border:#be5a0a;\">\n\t<div class=\"em-item-image\">\n\t\t\n\t\t<img src='https:\/\/www.vfmg.ch\/wp-content\/uploads\/2024\/05\/Flyer_Seite_1-scaled.jpg' alt='BESJ Jahreskurs 26\/27'\/>\n\t\t\n\t\t\n\t<\/div>\n\t<div class=\"em-item-info\">\n\t\t<h3 class=\"em-item-title\"><a href=\"https:\/\/www.vfmg.ch\/fr\/events\/besj-jahreskurs-26-27\/\">BESJ Jahreskurs 26\/27<\/a><\/h3>\n\t\t\n\t\t<div class=\"em-event-meta em-item-meta\">\n\t\t\t<div class=\"em-item-meta-line em-event-date em-event-meta-datetime\">\n\t\t\t\t<span class=\"em-icon-calendar em-icon\"><\/span>\n\t\t\t\t19. septembre 2026&nbsp;&nbsp;&nbsp;&nbsp;\n\t\t\t<\/div>\n\t\t\t<div class=\"em-item-meta-line em-event-time em-event-meta-datetime\">\n\t\t\t\t<span class=\"em-icon-clock em-icon\"><\/span>\n\t\t\t\t09:00 &#8211; 17:00\n\t\t\t<\/div>\n\t\t\t\n\t\t\t\n\t\t\t<div class=\"em-item-meta-line em-event-location\">\n\t\t\t\t<span class=\"em-icon-location em-icon\"><\/span>\n\t\t\t\t<a href=\"https:\/\/www.vfmg.ch\/fr\/locations\/chile-grueze\/\">Chili Gr\u00fcze<\/a>\n\t\t\t<\/div>\n\t\t\t\n\t\t\t\n\t\t\t\n\t\t\t<div class=\"em-item-meta-line em-item-taxonomy em-event-categories\">\n\t\t\t\t<span class=\"em-icon-category em-icon\"><\/span>\n\t\t\t\t<div>\t<ul class=\"event-categories\">\r\n\t\t\t\t\t<li><a href=\"https:\/\/www.vfmg.ch\/fr\/events\/categories\/youth\/\">youth<\/a><\/li>\r\n\t\t\t<\/ul>\r\n\t<\/div>\n\t\t\t<\/div>\n\t\t\t\n\t\t\t\n\t\t<\/div>\n\t\t<div class=\"em-item-desc\">\n\t\t\tMODUL AUTHENTISCH UND \u00dcBERZEUGEND LEITEN ANMELDUNG https:\/\/besj.ch\/teenie\/Jahreskurs.php\/\n\t\t<\/div>\n\t\t<div class=\"em-item-actions input\">\n\t\t\t<a class=\"em-item-read-more button\" href=\"https:\/\/www.vfmg.ch\/fr\/events\/besj-jahreskurs-26-27\/\">More Info<\/a>\n\t\t\t\n\t\t<\/div>\n\t<\/div>\n<\/div><h2 style=\"color:#B5121B\">octobre 2026<\/h2><div class=\"em-event em-item\" style=\"--default-border:#be5a0a;\">\n\t<div class=\"em-item-image\">\n\t\t\n\t\t<img src='https:\/\/www.vfmg.ch\/wp-content\/uploads\/2024\/05\/Flyer_Seite_1-scaled.jpg' alt='BESJ Jahreskurs 26\/27'\/>\n\t\t\n\t\t\n\t<\/div>\n\t<div class=\"em-item-info\">\n\t\t<h3 class=\"em-item-title\"><a href=\"https:\/\/www.vfmg.ch\/fr\/events\/besj-jahreskurs-26-27-2\/\">BESJ Jahreskurs 26\/27<\/a><\/h3>\n\t\t\n\t\t<div class=\"em-event-meta em-item-meta\">\n\t\t\t<div class=\"em-item-meta-line em-event-date em-event-meta-datetime\">\n\t\t\t\t<span class=\"em-icon-calendar em-icon\"><\/span>\n\t\t\t\t31. octobre 2026&nbsp;&nbsp;&nbsp;&nbsp;\n\t\t\t<\/div>\n\t\t\t<div class=\"em-item-meta-line em-event-time em-event-meta-datetime\">\n\t\t\t\t<span class=\"em-icon-clock em-icon\"><\/span>\n\t\t\t\t09:00 &#8211; 17:00\n\t\t\t<\/div>\n\t\t\t\n\t\t\t\n\t\t\t<div class=\"em-item-meta-line em-event-location\">\n\t\t\t\t<span class=\"em-icon-location em-icon\"><\/span>\n\t\t\t\t<a href=\"https:\/\/www.vfmg.ch\/fr\/locations\/chile-grueze\/\">Chili Gr\u00fcze<\/a>\n\t\t\t<\/div>\n\t\t\t\n\t\t\t\n\t\t\t\n\t\t\t<div class=\"em-item-meta-line em-item-taxonomy em-event-categories\">\n\t\t\t\t<span class=\"em-icon-category em-icon\"><\/span>\n\t\t\t\t<div>\t<ul class=\"event-categories\">\r\n\t\t\t\t\t<li><a href=\"https:\/\/www.vfmg.ch\/fr\/events\/categories\/youth\/\">youth<\/a><\/li>\r\n\t\t\t<\/ul>\r\n\t<\/div>\n\t\t\t<\/div>\n\t\t\t\n\t\t\t\n\t\t<\/div>\n\t\t<div class=\"em-item-desc\">\n\t\t\tMODUL TEENIES BEGLEITEN UND F\u00d6RDERN ANMELDUNG https:\/\/besj.ch\/teenie\/Jahreskurs.php\n\t\t<\/div>\n\t\t<div class=\"em-item-actions input\">\n\t\t\t<a class=\"em-item-read-more button\" href=\"https:\/\/www.vfmg.ch\/fr\/events\/besj-jahreskurs-26-27-2\/\">More Info<\/a>\n\t\t\t\n\t\t<\/div>\n\t<\/div>\n<\/div><h2 style=\"color:#B5121B\">janvier 2027<\/h2><div class=\"em-event em-item\" style=\"--default-border:#be5a0a;\">\n\t<div class=\"em-item-image\">\n\t\t\n\t\t<img src='https:\/\/www.vfmg.ch\/wp-content\/uploads\/2024\/05\/Flyer_Seite_1-scaled.jpg' alt='BESJ Jahreskurs 26\/27'\/>\n\t\t\n\t\t\n\t<\/div>\n\t<div class=\"em-item-info\">\n\t\t<h3 class=\"em-item-title\"><a href=\"https:\/\/www.vfmg.ch\/fr\/events\/besj-jahreskurs-26-27-3\/\">BESJ Jahreskurs 26\/27<\/a><\/h3>\n\t\t\n\t\t<div class=\"em-event-meta em-item-meta\">\n\t\t\t<div class=\"em-item-meta-line em-event-date em-event-meta-datetime\">\n\t\t\t\t<span class=\"em-icon-calendar em-icon\"><\/span>\n\t\t\t\t23. janvier 2027&nbsp;&nbsp;&nbsp;&nbsp;\n\t\t\t<\/div>\n\t\t\t<div class=\"em-item-meta-line em-event-time em-event-meta-datetime\">\n\t\t\t\t<span class=\"em-icon-clock em-icon\"><\/span>\n\t\t\t\t09:00 &#8211; 17:00\n\t\t\t<\/div>\n\t\t\t\n\t\t\t\n\t\t\t<div class=\"em-item-meta-line em-event-location\">\n\t\t\t\t<span class=\"em-icon-location em-icon\"><\/span>\n\t\t\t\t<a href=\"https:\/\/www.vfmg.ch\/fr\/locations\/chile-grueze\/\">Chili Gr\u00fcze<\/a>\n\t\t\t<\/div>\n\t\t\t\n\t\t\t\n\t\t\t\n\t\t\t<div class=\"em-item-meta-line em-item-taxonomy em-event-categories\">\n\t\t\t\t<span class=\"em-icon-category em-icon\"><\/span>\n\t\t\t\t<div>\t<ul class=\"event-categories\">\r\n\t\t\t\t\t<li><a href=\"https:\/\/www.vfmg.ch\/fr\/events\/categories\/youth\/\">youth<\/a><\/li>\r\n\t\t\t<\/ul>\r\n\t<\/div>\n\t\t\t<\/div>\n\t\t\t\n\t\t\t\n\t\t<\/div>\n\t\t<div class=\"em-item-desc\">\n\t\t\tMODUL AKTIVIT\u00c4TEN F\u00dcR, MIT UND VON TEENIES ANMELDUNG https:\/\/besj.ch\/teenie\/Jahreskurs.php\n\t\t<\/div>\n\t\t<div class=\"em-item-actions input\">\n\t\t\t<a class=\"em-item-read-more button\" href=\"https:\/\/www.vfmg.ch\/fr\/events\/besj-jahreskurs-26-27-3\/\">More Info<\/a>\n\t\t\t\n\t\t<\/div>\n\t<\/div>\n<\/div><h2 style=\"color:#B5121B\">f\u00e9vrier 2027<\/h2><div class=\"em-event em-item\" style=\"--default-border:#be5a0a;\">\n\t<div class=\"em-item-image\">\n\t\t\n\t\t<img src='https:\/\/www.vfmg.ch\/wp-content\/uploads\/2024\/05\/Flyer_Seite_1-scaled.jpg' alt='BESJ Jahreskurs 26\/27'\/>\n\t\t\n\t\t\n\t<\/div>\n\t<div class=\"em-item-info\">\n\t\t<h3 class=\"em-item-title\"><a href=\"https:\/\/www.vfmg.ch\/fr\/events\/besj-jahreskurs-26-27-4\/\">BESJ Jahreskurs 26\/27<\/a><\/h3>\n\t\t\n\t\t<div class=\"em-event-meta em-item-meta\">\n\t\t\t<div class=\"em-item-meta-line em-event-date em-event-meta-datetime\">\n\t\t\t\t<span class=\"em-icon-calendar em-icon\"><\/span>\n\t\t\t\t27. f\u00e9vrier 2027 &#8211; 28. f\u00e9vrier 2027&nbsp;&nbsp;&nbsp;&nbsp;\n\t\t\t<\/div>\n\t\t\t<div class=\"em-item-meta-line em-event-time em-event-meta-datetime\">\n\t\t\t\t<span class=\"em-icon-clock em-icon\"><\/span>\n\t\t\t\t09:00 &#8211; 17:00\n\t\t\t<\/div>\n\t\t\t\n\t\t\t\n\t\t\t<div class=\"em-item-meta-line em-event-location\">\n\t\t\t\t<span class=\"em-icon-location em-icon\"><\/span>\n\t\t\t\t<a href=\"https:\/\/www.vfmg.ch\/fr\/locations\/pfadiheim-breite-2\/\">Maison scoute Breite<\/a>\n\t\t\t<\/div>\n\t\t\t\n\t\t\t\n\t\t\t\n\t\t\t<div class=\"em-item-meta-line em-item-taxonomy em-event-categories\">\n\t\t\t\t<span class=\"em-icon-category em-icon\"><\/span>\n\t\t\t\t<div>\t<ul class=\"event-categories\">\r\n\t\t\t\t\t<li><a href=\"https:\/\/www.vfmg.ch\/fr\/events\/categories\/youth\/\">youth<\/a><\/li>\r\n\t\t\t<\/ul>\r\n\t<\/div>\n\t\t\t<\/div>\n\t\t\t\n\t\t\t\n\t\t<\/div>\n\t\t<div class=\"em-item-desc\">\n\t\t\tMODUL TIEFG\u00dcNDIGE UND PACKENDE INPUTS ANMELDUNG https:\/\/besj.ch\/teenie\/Jahreskurs.php\n\t\t<\/div>\n\t\t<div class=\"em-item-actions input\">\n\t\t\t<a class=\"em-item-read-more button\" href=\"https:\/\/www.vfmg.ch\/fr\/events\/besj-jahreskurs-26-27-4\/\">More Info<\/a>\n\t\t\t\n\t\t<\/div>\n\t<\/div>\n<\/div><h2 style=\"color:#B5121B\">mars 2027<\/h2><div class=\"em-event em-item\" style=\"--default-border:#e6963c;\">\n\t<div class=\"em-item-image has-placeholder\">\n\t\t\n\t\t\n\t\t<div class=\"em-item-image-placeholder\">\n\t\t\t<div class=\"date\">\n\t\t\t\t<span class=\"day\">12<\/span>\n\t\t\t\t<span class=\"month\">Mar<\/span>\n\t\t\t<\/div>\n\t\t<\/div>\n\t\t\n\t<\/div>\n\t<div class=\"em-item-info\">\n\t\t<h3 class=\"em-item-title\"><a href=\"https:\/\/www.vfmg.ch\/fr\/events\/besj-teamweekend-6\/\">BESJ-Teamweekend<\/a><\/h3>\n\t\t\n\t\t<div class=\"em-event-meta em-item-meta\">\n\t\t\t<div class=\"em-item-meta-line em-event-date em-event-meta-datetime\">\n\t\t\t\t<span class=\"em-icon-calendar em-icon\"><\/span>\n\t\t\t\t12. mars 2027 &#8211; 14. mars 2027&nbsp;&nbsp;&nbsp;&nbsp;\n\t\t\t<\/div>\n\t\t\t<div class=\"em-item-meta-line em-event-time em-event-meta-datetime\">\n\t\t\t\t<span class=\"em-icon-clock em-icon\"><\/span>\n\t\t\t\tToute la journ\u00e9e\n\t\t\t<\/div>\n\t\t\t\n\t\t\t\n\t\t\t<div class=\"em-item-meta-line em-event-location\">\n\t\t\t\t<span class=\"em-icon-location em-icon\"><\/span>\n\t\t\t\t<a href=\"https:\/\/www.vfmg.ch\/fr\/locations\/campus-perspektiven\/\">Campus Perspektiven<\/a>\n\t\t\t<\/div>\n\t\t\t\n\t\t\t\n\t\t\t\n\t\t\t<div class=\"em-item-meta-line em-item-taxonomy em-event-categories\">\n\t\t\t\t<span class=\"em-icon-category em-icon\"><\/span>\n\t\t\t\t<div>\t<ul class=\"event-categories\">\r\n\t\t\t\t\t<li><a href=\"https:\/\/www.vfmg.ch\/fr\/events\/categories\/kids\/\">kids<\/a><\/li>\r\n\t\t\t\t\t<li><a href=\"https:\/\/www.vfmg.ch\/fr\/events\/categories\/youth\/\">youth<\/a><\/li>\r\n\t\t\t<\/ul>\r\n\t<\/div>\n\t\t\t<\/div>\n\t\t\t\n\t\t\t\n\t\t<\/div>\n\t\t<div class=\"em-item-desc\">\n\t\t\t&nbsp; &nbsp; &nbsp;\n\t\t<\/div>\n\t\t<div class=\"em-item-actions input\">\n\t\t\t<a class=\"em-item-read-more button\" href=\"https:\/\/www.vfmg.ch\/fr\/events\/besj-teamweekend-6\/\">More Info<\/a>\n\t\t\t\n\t\t<\/div>\n\t<\/div>\n<\/div>\t<\/div>\r\n<\/div><\/p><p>\u00a0<\/p><p>\u00a0<\/p><p>\u00a0<\/p><p>\u00a0<\/p><p>\u00a0<\/p><p>\u00a0<\/p><p>\u00a0<\/p><p>\u00a0<\/p>\t\t\t\t\t\t\t\t<\/div>\n\t\t\t\t<\/div>\n\t\t\t\t\t<\/div>\n\t\t\t\t<\/div>\n\t\t\t\t<\/div>","protected":false},"excerpt":{"rendered":"<p>Wir tr\u00e4umen von einer leidenschaftlichen Jugend, die Jesus kompromisslos nachfolgt! Deshalb investieren wir uns in die n\u00e4chste Generation. Wir inspirieren, vernetzen und unterst\u00fctzen. Einerseits kreieren wir gute Angebote und Events f\u00fcr Teens- und Jugendliche, wie den Glaubenskurs, das Teenscamp oder das Praisecamp. Anderseits unterst\u00fctzen wir die Jugendleiter und Teams unserer Kirchen. Wir sind f\u00fcr sie [&hellip;]<\/p>","protected":false},"author":1,"featured_media":12795,"comment_status":"closed","ping_status":"closed","sticky":false,"template":"","format":"standard","meta":{"footnotes":"","_links_to":"","_links_to_target":""},"categories":[81],"tags":[],"class_list":["post-12366","post","type-post","status-publish","format-standard","has-post-thumbnail","hentry","category-arbeitsbereiche"],"_links":{"self":[{"href":"https:\/\/www.vfmg.ch\/fr\/wp-json\/wp\/v2\/posts\/12366","targetHints":{"allow":["GET"]}}],"collection":[{"href":"https:\/\/www.vfmg.ch\/fr\/wp-json\/wp\/v2\/posts"}],"about":[{"href":"https:\/\/www.vfmg.ch\/fr\/wp-json\/wp\/v2\/types\/post"}],"author":[{"embeddable":true,"href":"https:\/\/www.vfmg.ch\/fr\/wp-json\/wp\/v2\/users\/1"}],"replies":[{"embeddable":true,"href":"https:\/\/www.vfmg.ch\/fr\/wp-json\/wp\/v2\/comments?post=12366"}],"version-history":[{"count":0,"href":"https:\/\/www.vfmg.ch\/fr\/wp-json\/wp\/v2\/posts\/12366\/revisions"}],"wp:featuredmedia":[{"embeddable":true,"href":"https:\/\/www.vfmg.ch\/fr\/wp-json\/wp\/v2\/media\/12795"}],"wp:attachment":[{"href":"https:\/\/www.vfmg.ch\/fr\/wp-json\/wp\/v2\/media?parent=12366"}],"wp:term":[{"taxonomy":"category","embeddable":true,"href":"https:\/\/www.vfmg.ch\/fr\/wp-json\/wp\/v2\/categories?post=12366"},{"taxonomy":"post_tag","embeddable":true,"href":"https:\/\/www.vfmg.ch\/fr\/wp-json\/wp\/v2\/tags?post=12366"}],"curies":[{"name":"wp","href":"https:\/\/api.w.org\/{rel}","templated":true}]}}